{"id":10599,"date":"2018-11-12T12:32:00","date_gmt":"2018-11-12T15:32:00","guid":{"rendered":"http:\/\/www.acusticauach.cl\/?p=10599"},"modified":"2019-10-27T18:52:31","modified_gmt":"2019-10-27T21:52:31","slug":"acustica-uach-colabora-con-la-primera-version-sinfonica-de-la-rata-bluesera","status":"publish","type":"post","link":"https:\/\/www.acusticauach.cl\/?p=10599","title":{"rendered":"Ac\u00fastica UACh colabora con la primera versi\u00f3n sinf\u00f3nica de la Rata Bluesera"},"content":{"rendered":"<p><em>Con apoyo t\u00e9cnico de AcusticaUACh, el grupo valdiviano grab\u00f3 la versi\u00f3n sinf\u00f3nica de \u201cSanta Luc\u00eda\u201d con motivo de la celebraci\u00f3n de sus 18 a\u00f1os de trayectoria.<\/em><\/p>\n<p>En el marco de la celebraci\u00f3n de sus 18 a\u00f1os, la banda valdiviana <a href=\"https:\/\/www.facebook.com\/Laratablueserasur\/\"><strong>La Rata Bluesera<\/strong><\/a> grab\u00f3 por primera vez una versi\u00f3n sinf\u00f3nica junto a la <a href=\"https:\/\/www.facebook.com\/Orquesta-Filarm%C3%B3nica-de-Los-R%C3%ADos-519294074906307\/\"><strong>Orquesta Filarm\u00f3nica de Los R\u00edos<\/strong><\/a>. Los arreglos y direcci\u00f3n de la canci\u00f3n \u201cSanta Luc\u00eda\u201d estuvo a cargo del m\u00fasico argentino Federico Dannemann, registro que se realiz\u00f3 durante dos d\u00edas en el Aula Magna de la Universidad Austral de Chile.<\/p>\n<p>En tanto, la producci\u00f3n t\u00e9cnica estuvo a cargo del acad\u00e9mico del Instituto de Ac\u00fastica, Jorge C\u00e1rdenas Mansilla, y los estudiantes de Ing. Civil Ac\u00fastica Felipe Orellana y Crist\u00f3bal Toledo.<\/p>\n<blockquote><p>\u201cSe requiri\u00f3 de un gran despliegue t\u00e9cnico y art\u00edstico para lograr el resultado que se puede apreciar. Nuestro trabajo consisti\u00f3 en montar un estudio de grabaci\u00f3n en el Aula Magna y mantenerlo en \u00f3ptimas condiciones de funcionamiento durante los d\u00edas que dur\u00f3 la producci\u00f3n\u201d, destac\u00f3 el profesor C\u00e1rdenas. Por su parte, Felipe Orellana valor\u00f3 positivamente participar de esta experiencia y coment\u00f3 que estaba \u201cagradecido por la oportunidad de trabajar como asistente de grabaci\u00f3n, en una producci\u00f3n musical de esta naturaleza. He podido poner en pr\u00e1ctica mis conocimientos y adquirir mayor experiencia junto a profesionales del circuito musical\u201d.<\/p><\/blockquote>\n<p>La grabaci\u00f3n, mezcla y masterizaci\u00f3n estuvo a cargo del ex alumno e Ingeniero de Estudios Triana, Claudius Rieth.<\/p>\n<p>Desde su fundaci\u00f3n en el a\u00f1o 2000, la banda de blues La Rata Blueserera se ha transformado en uno de los referentes del blues chileno., con 6 discos publicados y m\u00e1s de 150 presentaciones en Chile como el extranjero.<\/p>\n<p>&nbsp;<\/p>\n<p>VER VIDEO: <a href=\"https:\/\/youtu.be\/CCbSrwMoEbE\">Estreno versi\u00f3n sinf\u00f3nica \u00abSanta Luc\u00eda\u00bb La Rata Bluesera &amp; Orquesta Filarm\u00f3nica de Los R\u00edos Valdivia Chile 2018\u00a0<\/a><br \/>\n<iframe src=\"https:\/\/www.youtube.com\/embed\/CCbSrwMoEbE\" width=\"560\" height=\"315\" frameborder=\"0\" allowfullscreen=\"allowfullscreen\"><\/iframe><\/p>\n<p>&nbsp;<\/p>\n","protected":false},"excerpt":{"rendered":"<p>Con apoyo t\u00e9cnico de AcusticaUACh, el grupo valdiviano grab\u00f3 la versi\u00f3n sinf\u00f3nica de \u201cSanta Luc\u00eda\u201d con motivo de la celebraci\u00f3n de sus 18 a\u00f1os de trayectoria. En el marco de la celebraci\u00f3n de sus 18 a\u00f1os, la banda valdiviana La Rata Bluesera grab\u00f3 por primera vez una versi\u00f3n sinf\u00f3nica junto a la Orquesta Filarm\u00f3nica de [&hellip;]<\/p>\n","protected":false},"author":6,"featured_media":10608,"comment_status":"closed","ping_status":"closed","sticky":false,"template":"","format":"standard","meta":{"footnotes":""},"categories":[909],"tags":[113,192,29,37,41,372,244,110,112,189,25,213,22],"class_list":["post-10599","post","type-post","status-publish","format-standard","has-post-thumbnail","hentry","category-vinculacion","tag-acustica","tag-cardenas","tag-carrera","tag-estudiantes","tag-exalumnos","tag-fci","tag-grabacion","tag-ingenieria","tag-internacional","tag-musica","tag-sonido","tag-uach","tag-valdivia"],"_links":{"self":[{"href":"https:\/\/www.acusticauach.cl\/index.php?rest_route=\/wp\/v2\/posts\/10599","targetHints":{"allow":["GET"]}}],"collection":[{"href":"https:\/\/www.acusticauach.cl\/index.php?rest_route=\/wp\/v2\/posts"}],"about":[{"href":"https:\/\/www.acusticauach.cl\/index.php?rest_route=\/wp\/v2\/types\/post"}],"author":[{"embeddable":true,"href":"https:\/\/www.acusticauach.cl\/index.php?rest_route=\/wp\/v2\/users\/6"}],"replies":[{"embeddable":true,"href":"https:\/\/www.acusticauach.cl\/index.php?rest_route=%2Fwp%2Fv2%2Fcomments&post=10599"}],"version-history":[{"count":0,"href":"https:\/\/www.acusticauach.cl\/index.php?rest_route=\/wp\/v2\/posts\/10599\/revisions"}],"wp:featuredmedia":[{"embeddable":true,"href":"https:\/\/www.acusticauach.cl\/index.php?rest_route=\/wp\/v2\/media\/10608"}],"wp:attachment":[{"href":"https:\/\/www.acusticauach.cl\/index.php?rest_route=%2Fwp%2Fv2%2Fmedia&parent=10599"}],"wp:term":[{"taxonomy":"category","embeddable":true,"href":"https:\/\/www.acusticauach.cl\/index.php?rest_route=%2Fwp%2Fv2%2Fcategories&post=10599"},{"taxonomy":"post_tag","embeddable":true,"href":"https:\/\/www.acusticauach.cl\/index.php?rest_route=%2Fwp%2Fv2%2Ftags&post=10599"}],"curies":[{"name":"wp","href":"https:\/\/api.w.org\/{rel}","templated":true}]}}