{"id":10567,"date":"2018-10-24T16:23:19","date_gmt":"2018-10-24T19:23:19","guid":{"rendered":"http:\/\/www.acusticauach.cl\/?p=10567"},"modified":"2019-10-27T18:52:59","modified_gmt":"2019-10-27T21:52:59","slug":"dr-andre-mestre-se-integra-como-docente-al-instituto-de-acustica-uach","status":"publish","type":"post","link":"https:\/\/www.acusticauach.cl\/?p=10567","title":{"rendered":"Dr. Andr\u00e9 Mestre se integra como docente al Instituto de Ac\u00fastica UACh"},"content":{"rendered":"<h2><strong>Nacido en Brasil y radicado en Chile desde este a\u00f1o, el Dr. Mestre ingresa a la Facultad de Ciencias de la Ingenier\u00eda como docente de los ramos de m\u00fasica impartidos por el Instituto de Ac\u00fastica.<\/strong><\/h2>\n<p>Oriundo de la ciudad de Sorocaba (Brasil), el compositor y artista sonoro <strong>Andr\u00e9 Mestre<\/strong> se integra este semestre al equipo docente del Instituto de Ac\u00fastica de la <a href=\"http:\/\/www.ingenieria.uach.cl\/\"><b>Facultad de Ciencias de la <\/b><span style=\"color: #000000;\"><b>Ingenier\u00eda<\/b><\/span><b>\u00a0UACh.<\/b><\/a><\/p>\n<p>Doctorado en 2018 por la <a href=\"https:\/\/www.bu.edu\/\">Universidad de Boston<\/a>, sus trabajos art\u00edsticos y \u00e1reas de estudio son normalmente dise\u00f1ados para peque\u00f1as formaciones instrumentales aumentadas a trav\u00e9s de medios electr\u00f3nicos. En el campo acad\u00e9mico, estas preocupaciones se desdoblan en un inter\u00e9s por desarrollar sistemas de instalaci\u00f3n y live-electronics, en reflexiones en el campo de la semi\u00f3tica Peirceana y en repensar la pedagog\u00eda art\u00edstica en contextos interdisciplinarios.<\/p>\n<p>Tras 7 a\u00f1os radicado en Am\u00e9rica del Norte, el Dr. Mestre coment\u00f3 que a su llegada a Valdivia \u201cfue un cambio grande, pero la experiencia ha sido maravillosa. He encontrado aqu\u00ed y en el Instituto de Ac\u00fastica una comunidad de colegas fant\u00e1stica y un proyecto pedag\u00f3gico bastante \u00fanico. Como brasile\u00f1o, ha sido un placer vivir en Chile y ampliar mi perspectiva de la cultura sudamericana. Si por un lado la lengua es un desaf\u00edo, el contacto diario con estudiantes y colegas me ha ayudado a adaptarme y sentirme en casa\u201d.<\/p>\n<p><a href=\"https:\/\/www.acusticauach.cl\/wp-content\/uploads\/2018\/10\/Foto-Andr\u00e9-Mestre.jpg\"><img decoding=\"async\" class=\"size-medium wp-image-10568 alignleft\" src=\"https:\/\/www.acusticauach.cl\/wp-content\/uploads\/2018\/10\/Foto-Andr\u00e9-Mestre-201x300.jpg\" alt=\"\" width=\"201\" height=\"300\" srcset=\"https:\/\/www.acusticauach.cl\/wp-content\/uploads\/2018\/10\/Foto-Andr\u00e9-Mestre-201x300.jpg 201w, https:\/\/www.acusticauach.cl\/wp-content\/uploads\/2018\/10\/Foto-Andr\u00e9-Mestre-768x1144.jpg 768w, https:\/\/www.acusticauach.cl\/wp-content\/uploads\/2018\/10\/Foto-Andr\u00e9-Mestre-687x1024.jpg 687w, https:\/\/www.acusticauach.cl\/wp-content\/uploads\/2018\/10\/Foto-Andr\u00e9-Mestre-700x1043.jpg 700w, https:\/\/www.acusticauach.cl\/wp-content\/uploads\/2018\/10\/Foto-Andr\u00e9-Mestre-500x745.jpg 500w, https:\/\/www.acusticauach.cl\/wp-content\/uploads\/2018\/10\/Foto-Andr\u00e9-Mestre.jpg 1224w\" sizes=\"(max-width: 201px) 100vw, 201px\" \/><\/a>Con respecto a su experiencia de compositor y enfoque humanista, el trabajar en la formaci\u00f3n de futuros ingenieros e ingenieras ha sido fascinante. \u201cEstar en una posici\u00f3n verdaderamente interdisciplinaria es una aventura y un aprendizaje constante. En este sentido, el apoyo de la Universidad y de los fondos de investigaci\u00f3n ha sido tambi\u00e9n fundamental. Este primer semestre, junto a colegas del Instituto y de la Facultad de Arquitectura y Artes, organizamos lo que llamamos <em>N\u00facleo Transdisciplinario de Tecnolog\u00eda y Arte sonoro<\/em>, con el apoyo de InnovING:2030. Este n\u00facleo nos ha permitido traer artistas y acad\u00e9micos invitados a la UACh, as\u00ed como involucrar a nuestra comunidad de egresados en actividades de investigaci\u00f3n y educaci\u00f3n\u201d, agreg\u00f3.<\/p>\n<p>El Dr. Mestre ha participado como panelista en la conferencia <em>Art for Social Inclusion<\/em> en la <a href=\"https:\/\/www.harvard.edu\/\">Universidad de Harvard<\/a> (2015) y en la <a href=\"https:\/\/www.massachusetts.edu\/\">Universidad de Massachusetts<\/a> (2016) as\u00ed como en la <em>Alliance for the Arts in Research Universities<\/em> en la <a href=\"https:\/\/www.du.edu\/\">Universidad de Denver<\/a> el a\u00f1o 2016. Tambi\u00e9n recibi\u00f3 el premio <strong>C<a href=\"https:\/\/www.edmontonarts.ca\/winter_social\/\">ultural Diversity in the Arts Award<\/a>,<\/strong> promovido por la ciudad de Edmonton (Canad\u00e1) y es cofundador del <a href=\"http:\/\/www.curtocircuito.info\/\">Curto-Circuito de M\u00fasica Contempor\u00e3nea<\/a>, programa art\u00edstico pedag\u00f3gico dedicado a promover la m\u00fasica de j\u00f3venes compositores brasile\u00f1os.<\/p>\n<h2><strong>Realizar\u00e1 Seminario de Investigaci\u00f3n sobre su trabajo<\/strong><\/h2>\n<p>El martes 30 de octubre, el acad\u00e9mico realizar\u00e1 la charla <strong>\u201cUna arqueolog\u00eda de sonidos imaginarios\u201d<\/strong>. La cita es a las 17:30 horas en la Sala 7301, Edificio Multimedia, Campus Miraflores. Entrada Liberada.<\/p>\n<p>Conoce m\u00e1s del profesor Mestre en <a href=\"http:\/\/andremestre.info\/\">http:\/\/andremestre.info\/<\/a><\/p>\n<p><img decoding=\"async\" class=\"aligncenter wp-image-10582 size-full\" src=\"https:\/\/www.acusticauach.cl\/wp-content\/uploads\/2018\/10\/banner_Mestre_03.png\" alt=\"\" width=\"960\" height=\"960\" srcset=\"https:\/\/www.acusticauach.cl\/wp-content\/uploads\/2018\/10\/banner_Mestre_03.png 960w, https:\/\/www.acusticauach.cl\/wp-content\/uploads\/2018\/10\/banner_Mestre_03-150x150.png 150w, https:\/\/www.acusticauach.cl\/wp-content\/uploads\/2018\/10\/banner_Mestre_03-300x300.png 300w, https:\/\/www.acusticauach.cl\/wp-content\/uploads\/2018\/10\/banner_Mestre_03-768x768.png 768w, https:\/\/www.acusticauach.cl\/wp-content\/uploads\/2018\/10\/banner_Mestre_03-65x65.png 65w, https:\/\/www.acusticauach.cl\/wp-content\/uploads\/2018\/10\/banner_Mestre_03-55x55.png 55w, https:\/\/www.acusticauach.cl\/wp-content\/uploads\/2018\/10\/banner_Mestre_03-94x94.png 94w, https:\/\/www.acusticauach.cl\/wp-content\/uploads\/2018\/10\/banner_Mestre_03-86x86.png 86w, https:\/\/www.acusticauach.cl\/wp-content\/uploads\/2018\/10\/banner_Mestre_03-120x120.png 120w, https:\/\/www.acusticauach.cl\/wp-content\/uploads\/2018\/10\/banner_Mestre_03-700x700.png 700w, https:\/\/www.acusticauach.cl\/wp-content\/uploads\/2018\/10\/banner_Mestre_03-500x500.png 500w, https:\/\/www.acusticauach.cl\/wp-content\/uploads\/2018\/10\/banner_Mestre_03-215x215.png 215w\" sizes=\"(max-width: 960px) 100vw, 960px\" \/><\/p>\n<p><iframe title=\"Curto-Circuito de M\u00fasica Contempor\u00e2nea\" width=\"1200\" height=\"675\" src=\"https:\/\/www.youtube.com\/embed\/CyU5pBy6aaY?feature=oembed\" frameborder=\"0\" allow=\"accelerometer; autoplay; encrypted-media; gyroscope; picture-in-picture\" allowfullscreen><\/iframe><\/p>\n<p>&nbsp;<\/p>\n","protected":false},"excerpt":{"rendered":"<p>Nacido en Brasil y radicado en Chile desde este a\u00f1o, el Dr. Mestre ingresa a la Facultad de Ciencias de la Ingenier\u00eda como docente de los ramos de m\u00fasica impartidos por el Instituto de Ac\u00fastica. Oriundo de la ciudad de Sorocaba (Brasil), el compositor y artista sonoro Andr\u00e9 Mestre se integra este semestre al equipo [&hellip;]<\/p>\n","protected":false},"author":6,"featured_media":10570,"comment_status":"closed","ping_status":"closed","sticky":false,"template":"","format":"standard","meta":{"footnotes":""},"categories":[906],"tags":[113,727,429,652,47,815,84,151,811,812,816,817,37,15,45,588,372,123,814,110,810,112,78,813,809,189,270,166,25,213,22],"class_list":["post-10567","post","type-post","status-publish","format-standard","has-post-thumbnail","hentry","category-pregrado","tag-acustica","tag-arquitectura","tag-artes-escenicas","tag-boston","tag-brasil","tag-canada","tag-charla","tag-compositor","tag-contemporanea","tag-curto-circuito","tag-denver","tag-edmonton","tag-estudiantes","tag-exposicion","tag-extranjero","tag-faa","tag-fci","tag-festival","tag-harvard","tag-ingenieria","tag-innoving2030","tag-internacional","tag-investigacion-2","tag-massachusetts","tag-mestre","tag-musica","tag-musica-contemporanea","tag-proyecto","tag-sonido","tag-uach","tag-valdivia"],"_links":{"self":[{"href":"https:\/\/www.acusticauach.cl\/index.php?rest_route=\/wp\/v2\/posts\/10567","targetHints":{"allow":["GET"]}}],"collection":[{"href":"https:\/\/www.acusticauach.cl\/index.php?rest_route=\/wp\/v2\/posts"}],"about":[{"href":"https:\/\/www.acusticauach.cl\/index.php?rest_route=\/wp\/v2\/types\/post"}],"author":[{"embeddable":true,"href":"https:\/\/www.acusticauach.cl\/index.php?rest_route=\/wp\/v2\/users\/6"}],"replies":[{"embeddable":true,"href":"https:\/\/www.acusticauach.cl\/index.php?rest_route=%2Fwp%2Fv2%2Fcomments&post=10567"}],"version-history":[{"count":0,"href":"https:\/\/www.acusticauach.cl\/index.php?rest_route=\/wp\/v2\/posts\/10567\/revisions"}],"wp:featuredmedia":[{"embeddable":true,"href":"https:\/\/www.acusticauach.cl\/index.php?rest_route=\/wp\/v2\/media\/10570"}],"wp:attachment":[{"href":"https:\/\/www.acusticauach.cl\/index.php?rest_route=%2Fwp%2Fv2%2Fmedia&parent=10567"}],"wp:term":[{"taxonomy":"category","embeddable":true,"href":"https:\/\/www.acusticauach.cl\/index.php?rest_route=%2Fwp%2Fv2%2Fcategories&post=10567"},{"taxonomy":"post_tag","embeddable":true,"href":"https:\/\/www.acusticauach.cl\/index.php?rest_route=%2Fwp%2Fv2%2Ftags&post=10567"}],"curies":[{"name":"wp","href":"https:\/\/api.w.org\/{rel}","templated":true}]}}