{"id":10395,"date":"2018-09-13T23:34:56","date_gmt":"2018-09-14T02:34:56","guid":{"rendered":"http:\/\/www.acusticauach.cl\/?p=10395"},"modified":"2020-09-25T11:46:13","modified_gmt":"2020-09-25T14:46:13","slug":"postulan-a-ideasconciencia-la-implementacion-de-una-norma-primaria-de-calidad-para-acustica-ambiental-en-chile","status":"publish","type":"post","link":"https:\/\/www.acusticauach.cl\/?p=10395","title":{"rendered":"Postulan a IdeasConCiencia la implementaci\u00f3n de una Norma Primaria de Calidad para Ac\u00fastica Ambiental en Chile"},"content":{"rendered":"<h2><strong>La iniciativa es producto de un trabajo acad\u00e9mico del Magister de Ac\u00fastica y Vibraciones<\/strong><\/h2>\n<p>Un grupo de estudiantes del curso de Control de Ruido Ambiental del programa de Mag\u00edster en Ac\u00fastica y Vibraciones de la Facultad de Ciencias de la Ingenier\u00eda, decidi\u00f3 que uno de los trabajos colectivos que se desarrollaron durante la asignatura, era una buena idea para postularlo al concurso IdeasConCiencia (<a href=\"https:\/\/www.ideasconciencia.cl\/proyectos\/5b98a20d8f628e6a93408657\" target=\"_blank\" rel=\"noopener noreferrer\">https:\/\/www.ideasconciencia.cl\/<\/a>) .<\/p>\n<p><strong>\u00abIdeas ConCiencia\u201d<\/strong> es un proceso participativo convocado desde la comisi\u00f3n de Ciencias y Tecnolog\u00eda de la C\u00e1mara de Diputados con el fin de obtener informaci\u00f3n y posibles soluciones de problemas u oportunidades con el potencial y factibilidad de ser impulsadas por Comisi\u00f3n, en el ejercicio de sus atribuciones.<\/p>\n<p>Por medio de un proceso de evaluaci\u00f3n (un 20% son votaciones web: <a href=\"https:\/\/www.ideasconciencia.cl\/proyectos\/5b98a20d8f628e6a93408657\" target=\"_blank\" rel=\"noopener noreferrer\">\u00a1aporta con tu voto!<\/a>), se seleccionar\u00e1n las diez mejores ideas, para ser presentadas ante la Comisi\u00f3n de Ciencias y Tecnolog\u00eda de la C\u00e1mara de Diputados y una terna de expertos ad hoc. El objeto es discutir en conjunto la posibilidad de impulsar acciones futuras asociadas a la soluci\u00f3n propuesta.<\/p>\n<p><iframe src=\"https:\/\/www.youtube.com\/embed\/PlTJya5EdF4\" width=\"560\" height=\"315\" frameborder=\"0\" allowfullscreen=\"allowfullscreen\"><\/iframe><\/p>\n<p>El premio consiste en el patrocinio a proyectos de ley, fiscalizaciones, priorizaciones de medidas legislativas, organizaci\u00f3n de seminarios, instancias de di\u00e1logo, difusi\u00f3n de iniciativas, impulso a cambios administrativos, solicitudes de gestiones al Gobierno, redes y sinergia entre instituciones y proyectos, entre otros. Adicionalmente, la Comisi\u00f3n elegir\u00e1 un proyecto dentro de los diez seleccionados que ser\u00e1 premiado\/a con un cupo para dos personas en la pr\u00f3xima expedici\u00f3n al Centro Astron\u00f3mico ALMA.<\/p>\n<p>El Dr. Enrique Su\u00e1rez, profesor del curso coment\u00f3: \u201cEn la asignatura se plante\u00f3 el desaf\u00edo colectivo de elaborar una norma ambiental de calidad ac\u00fastica, que complemente las normas de emisi\u00f3n existentes. Avanzado el trabajo, las estudiantes propusieron, adem\u00e1s, postular esta idea al concurso \u00abIdeas ConCiencia\u201d, con la intenci\u00f3n de poner este tema en la discusi\u00f3n ambiental nacional. Valoro mucho la discusi\u00f3n t\u00e9cnica asociada a este trabajo, sin embargo, me gustar\u00eda destacar el sentido de responsabilidad profesional y compromiso social de las estudiantes, que queda reflejado en proponer soluciones fuera de la universidad a temas que se ven en clases. Es un buen ejemplo del rol de la ingenier\u00eda en el desarrollo de la ac\u00fastica y de problem\u00e1ticas de inter\u00e9s social\u201d.<\/p>\n<p>Las estudiantes que participaron de esta iniciativa son: Camila Oyarz\u00fan, Tatiana Pereira, Ver\u00f3nica Mart\u00edn y Alexandra Astudillo.<a href=\"https:\/\/www.ideasconciencia.cl\/proyectos\/5b98a20d8f628e6a93408657\" target=\"_blank\" rel=\"noopener noreferrer\"> Podr\u00e1n conocer la idea, en t\u00e9rminos generales, a trav\u00e9s de un entretenido video explicativo elaborado por las mismas estudiantes.<\/a><\/p>\n<p>La postulaci\u00f3n est\u00e1 disponible en www.indeasconciencia.cl <a href=\"https:\/\/www.ideasconciencia.cl\/proyectos\/5b98a20d8f628e6a93408657\" target=\"_blank\" rel=\"noopener noreferrer\">(link directo al proyecto: https:\/\/www.ideasconciencia.cl\/proyectos\/5b98a20d8f628e6a93408657<\/a>) y puedes aportar con tu voto para aumentar las posibilidades de ganar.<\/p>\n<p>Esperamos tu voto.<br \/>\n<a href=\"https:\/\/www.ideasconciencia.cl\/proyectos\/5b98a20d8f628e6a93408657\" target=\"_blank\" rel=\"noopener noreferrer\"><img decoding=\"async\" class=\"aligncenter size-full wp-image-10397\" src=\"https:\/\/www.acusticauach.cl\/wp-content\/uploads\/2018\/09\/ideasconciencia2.jpg\" alt=\"\" width=\"710\" height=\"399\" srcset=\"https:\/\/www.acusticauach.cl\/wp-content\/uploads\/2018\/09\/ideasconciencia2.jpg 710w, https:\/\/www.acusticauach.cl\/wp-content\/uploads\/2018\/09\/ideasconciencia2-300x169.jpg 300w, https:\/\/www.acusticauach.cl\/wp-content\/uploads\/2018\/09\/ideasconciencia2-700x393.jpg 700w, https:\/\/www.acusticauach.cl\/wp-content\/uploads\/2018\/09\/ideasconciencia2-500x281.jpg 500w\" sizes=\"(max-width: 710px) 100vw, 710px\" \/><\/a><\/p>\n","protected":false},"excerpt":{"rendered":"<p>La iniciativa es producto de un trabajo acad\u00e9mico del Magister de Ac\u00fastica y Vibraciones Un grupo de estudiantes del curso de Control de Ruido Ambiental del programa de Mag\u00edster en Ac\u00fastica y Vibraciones de la Facultad de Ciencias de la Ingenier\u00eda, decidi\u00f3 que uno de los trabajos colectivos que se desarrollaron durante la asignatura, era [&hellip;]<\/p>\n","protected":false},"author":2,"featured_media":10396,"comment_status":"closed","ping_status":"closed","sticky":false,"template":"","format":"standard","meta":{"footnotes":""},"categories":[984,907],"tags":[94,608,37,533,982,153,780,17,32,73],"class_list":["post-10395","post","type-post","status-publish","format-standard","has-post-thumbnail","hentry","category-labacam","category-postgrado","tag-concurso","tag-estudiante","tag-estudiantes","tag-ingenieria-civil-acustica","tag-labacam","tag-magister","tag-magister-en-acustica-y-vibraciones","tag-mapa-de-ruido","tag-ruido","tag-suarez"],"_links":{"self":[{"href":"https:\/\/www.acusticauach.cl\/index.php?rest_route=\/wp\/v2\/posts\/10395","targetHints":{"allow":["GET"]}}],"collection":[{"href":"https:\/\/www.acusticauach.cl\/index.php?rest_route=\/wp\/v2\/posts"}],"about":[{"href":"https:\/\/www.acusticauach.cl\/index.php?rest_route=\/wp\/v2\/types\/post"}],"author":[{"embeddable":true,"href":"https:\/\/www.acusticauach.cl\/index.php?rest_route=\/wp\/v2\/users\/2"}],"replies":[{"embeddable":true,"href":"https:\/\/www.acusticauach.cl\/index.php?rest_route=%2Fwp%2Fv2%2Fcomments&post=10395"}],"version-history":[{"count":0,"href":"https:\/\/www.acusticauach.cl\/index.php?rest_route=\/wp\/v2\/posts\/10395\/revisions"}],"wp:featuredmedia":[{"embeddable":true,"href":"https:\/\/www.acusticauach.cl\/index.php?rest_route=\/wp\/v2\/media\/10396"}],"wp:attachment":[{"href":"https:\/\/www.acusticauach.cl\/index.php?rest_route=%2Fwp%2Fv2%2Fmedia&parent=10395"}],"wp:term":[{"taxonomy":"category","embeddable":true,"href":"https:\/\/www.acusticauach.cl\/index.php?rest_route=%2Fwp%2Fv2%2Fcategories&post=10395"},{"taxonomy":"post_tag","embeddable":true,"href":"https:\/\/www.acusticauach.cl\/index.php?rest_route=%2Fwp%2Fv2%2Ftags&post=10395"}],"curies":[{"name":"wp","href":"https:\/\/api.w.org\/{rel}","templated":true}]}}