{"id":10228,"date":"2017-05-19T10:13:26","date_gmt":"2017-05-19T14:13:26","guid":{"rendered":"http:\/\/www.acusticauach.cl\/?p=10228"},"modified":"2019-10-27T19:06:09","modified_gmt":"2019-10-27T22:06:09","slug":"acustica-uach-organiza-bienvenida-para-sus-mechones-2016-2","status":"publish","type":"post","link":"https:\/\/www.acusticauach.cl\/?p=10228","title":{"rendered":"Ac\u00fastica UACh ofreci\u00f3 bienvenida para sus nuevos estudiantes 2017"},"content":{"rendered":"<h2 style=\"margin-bottom: 12.0pt;\"><strong>En un clima de compa\u00f1erismo y amistad, se organiz\u00f3 una actividad de camarader\u00eda para los nuevos mechones de la carrera de Ingenier\u00eda Civil Ac\u00fastica.<\/strong><\/h2>\n<p>La bienvenida se realiz\u00f3 el d\u00eda 19 de Mayo con se realiz\u00f3 la tradicional bienvenida a los nuevos estudiantes de Ingenier\u00eda Civil Ac\u00fastica en donde se compartieron choripanes, falafel y bebestibles.<\/p>\n<p><img decoding=\"async\" class=\"aligncenter size-full wp-image-10230\" src=\"https:\/\/www.acusticauach.cl\/wp-content\/uploads\/2018\/07\/Bienvenida-ICA_2017_08.jpg\" alt=\"\" width=\"900\" height=\"506\" srcset=\"https:\/\/www.acusticauach.cl\/wp-content\/uploads\/2018\/07\/Bienvenida-ICA_2017_08.jpg 900w, https:\/\/www.acusticauach.cl\/wp-content\/uploads\/2018\/07\/Bienvenida-ICA_2017_08-300x169.jpg 300w, https:\/\/www.acusticauach.cl\/wp-content\/uploads\/2018\/07\/Bienvenida-ICA_2017_08-768x432.jpg 768w, https:\/\/www.acusticauach.cl\/wp-content\/uploads\/2018\/07\/Bienvenida-ICA_2017_08-700x394.jpg 700w, https:\/\/www.acusticauach.cl\/wp-content\/uploads\/2018\/07\/Bienvenida-ICA_2017_08-500x281.jpg 500w\" sizes=\"(max-width: 900px) 100vw, 900px\" \/><\/p>\n<p>En un grato ambiente alumnos nuevos y antiguos presentaron su m\u00fasica y vivencias.<\/p>\n<p><a href=\"https:\/\/www.facebook.com\/profile.php?id=100009294445009&amp;sk=photos&amp;collection_token=100009294445009%3A2305272732%3A69&amp;set=a.1835564436763353.1073741836.100009294445009&amp;type=3\" target=\"_blank\" rel=\"noopener noreferrer\">Ver en Facebook<\/a><\/p>\n<p><img decoding=\"async\" class=\"aligncenter size-full wp-image-10231\" src=\"https:\/\/www.acusticauach.cl\/wp-content\/uploads\/2018\/07\/Bienvenida-ICA_2017_04.jpg\" alt=\"\" width=\"900\" height=\"506\" srcset=\"https:\/\/www.acusticauach.cl\/wp-content\/uploads\/2018\/07\/Bienvenida-ICA_2017_04.jpg 900w, https:\/\/www.acusticauach.cl\/wp-content\/uploads\/2018\/07\/Bienvenida-ICA_2017_04-300x169.jpg 300w, https:\/\/www.acusticauach.cl\/wp-content\/uploads\/2018\/07\/Bienvenida-ICA_2017_04-768x432.jpg 768w, https:\/\/www.acusticauach.cl\/wp-content\/uploads\/2018\/07\/Bienvenida-ICA_2017_04-700x394.jpg 700w, https:\/\/www.acusticauach.cl\/wp-content\/uploads\/2018\/07\/Bienvenida-ICA_2017_04-500x281.jpg 500w\" sizes=\"(max-width: 900px) 100vw, 900px\" \/><\/p>\n<p><img decoding=\"async\" class=\"aligncenter size-full wp-image-10232\" src=\"https:\/\/www.acusticauach.cl\/wp-content\/uploads\/2018\/07\/Bienvenida-ICA_2017_02.jpg\" alt=\"\" width=\"900\" height=\"506\" srcset=\"https:\/\/www.acusticauach.cl\/wp-content\/uploads\/2018\/07\/Bienvenida-ICA_2017_02.jpg 900w, https:\/\/www.acusticauach.cl\/wp-content\/uploads\/2018\/07\/Bienvenida-ICA_2017_02-300x169.jpg 300w, https:\/\/www.acusticauach.cl\/wp-content\/uploads\/2018\/07\/Bienvenida-ICA_2017_02-768x432.jpg 768w, https:\/\/www.acusticauach.cl\/wp-content\/uploads\/2018\/07\/Bienvenida-ICA_2017_02-700x394.jpg 700w, https:\/\/www.acusticauach.cl\/wp-content\/uploads\/2018\/07\/Bienvenida-ICA_2017_02-500x281.jpg 500w\" sizes=\"(max-width: 900px) 100vw, 900px\" \/> <img decoding=\"async\" class=\"aligncenter size-full wp-image-10233\" src=\"https:\/\/www.acusticauach.cl\/wp-content\/uploads\/2018\/07\/Bienvenida-ICA_2017_03.jpg\" alt=\"\" width=\"598\" height=\"900\" srcset=\"https:\/\/www.acusticauach.cl\/wp-content\/uploads\/2018\/07\/Bienvenida-ICA_2017_03.jpg 598w, https:\/\/www.acusticauach.cl\/wp-content\/uploads\/2018\/07\/Bienvenida-ICA_2017_03-199x300.jpg 199w, https:\/\/www.acusticauach.cl\/wp-content\/uploads\/2018\/07\/Bienvenida-ICA_2017_03-500x753.jpg 500w\" sizes=\"(max-width: 598px) 100vw, 598px\" \/> <img decoding=\"async\" class=\"aligncenter size-full wp-image-10234\" src=\"https:\/\/www.acusticauach.cl\/wp-content\/uploads\/2018\/07\/Bienvenida-ICA_2017_05.jpg\" alt=\"\" width=\"900\" height=\"506\" srcset=\"https:\/\/www.acusticauach.cl\/wp-content\/uploads\/2018\/07\/Bienvenida-ICA_2017_05.jpg 900w, https:\/\/www.acusticauach.cl\/wp-content\/uploads\/2018\/07\/Bienvenida-ICA_2017_05-300x169.jpg 300w, https:\/\/www.acusticauach.cl\/wp-content\/uploads\/2018\/07\/Bienvenida-ICA_2017_05-768x432.jpg 768w, https:\/\/www.acusticauach.cl\/wp-content\/uploads\/2018\/07\/Bienvenida-ICA_2017_05-700x394.jpg 700w, https:\/\/www.acusticauach.cl\/wp-content\/uploads\/2018\/07\/Bienvenida-ICA_2017_05-500x281.jpg 500w\" sizes=\"(max-width: 900px) 100vw, 900px\" \/> <img decoding=\"async\" class=\"aligncenter size-full wp-image-10235\" src=\"https:\/\/www.acusticauach.cl\/wp-content\/uploads\/2018\/07\/Bienvenida-ICA_2017_09.jpg\" alt=\"\" width=\"900\" height=\"506\" srcset=\"https:\/\/www.acusticauach.cl\/wp-content\/uploads\/2018\/07\/Bienvenida-ICA_2017_09.jpg 900w, https:\/\/www.acusticauach.cl\/wp-content\/uploads\/2018\/07\/Bienvenida-ICA_2017_09-300x169.jpg 300w, https:\/\/www.acusticauach.cl\/wp-content\/uploads\/2018\/07\/Bienvenida-ICA_2017_09-768x432.jpg 768w, https:\/\/www.acusticauach.cl\/wp-content\/uploads\/2018\/07\/Bienvenida-ICA_2017_09-700x394.jpg 700w, https:\/\/www.acusticauach.cl\/wp-content\/uploads\/2018\/07\/Bienvenida-ICA_2017_09-500x281.jpg 500w\" sizes=\"(max-width: 900px) 100vw, 900px\" \/> <img decoding=\"async\" class=\"aligncenter size-full wp-image-10236\" src=\"https:\/\/www.acusticauach.cl\/wp-content\/uploads\/2018\/07\/Bienvenida-ICA_2017_11.jpg\" alt=\"\" width=\"900\" height=\"506\" srcset=\"https:\/\/www.acusticauach.cl\/wp-content\/uploads\/2018\/07\/Bienvenida-ICA_2017_11.jpg 900w, https:\/\/www.acusticauach.cl\/wp-content\/uploads\/2018\/07\/Bienvenida-ICA_2017_11-300x169.jpg 300w, https:\/\/www.acusticauach.cl\/wp-content\/uploads\/2018\/07\/Bienvenida-ICA_2017_11-768x432.jpg 768w, https:\/\/www.acusticauach.cl\/wp-content\/uploads\/2018\/07\/Bienvenida-ICA_2017_11-700x394.jpg 700w, https:\/\/www.acusticauach.cl\/wp-content\/uploads\/2018\/07\/Bienvenida-ICA_2017_11-500x281.jpg 500w\" sizes=\"(max-width: 900px) 100vw, 900px\" \/><\/p>\n","protected":false},"excerpt":{"rendered":"<p>En un clima de compa\u00f1erismo y amistad, se organiz\u00f3 una actividad de camarader\u00eda para los nuevos mechones de la carrera de Ingenier\u00eda Civil Ac\u00fastica. La bienvenida se realiz\u00f3 el d\u00eda 19 de Mayo con se realiz\u00f3 la tradicional bienvenida a los nuevos estudiantes de Ingenier\u00eda Civil Ac\u00fastica en donde se compartieron choripanes, falafel y bebestibles. [&hellip;]<\/p>\n","protected":false},"author":2,"featured_media":10229,"comment_status":"closed","ping_status":"closed","sticky":false,"template":"","format":"standard","meta":{"footnotes":""},"categories":[906],"tags":[274,230,608,37],"class_list":["post-10228","post","type-post","status-publish","format-standard","has-post-thumbnail","hentry","category-pregrado","tag-acusticauach","tag-bienvenida","tag-estudiante","tag-estudiantes"],"_links":{"self":[{"href":"https:\/\/www.acusticauach.cl\/index.php?rest_route=\/wp\/v2\/posts\/10228","targetHints":{"allow":["GET"]}}],"collection":[{"href":"https:\/\/www.acusticauach.cl\/index.php?rest_route=\/wp\/v2\/posts"}],"about":[{"href":"https:\/\/www.acusticauach.cl\/index.php?rest_route=\/wp\/v2\/types\/post"}],"author":[{"embeddable":true,"href":"https:\/\/www.acusticauach.cl\/index.php?rest_route=\/wp\/v2\/users\/2"}],"replies":[{"embeddable":true,"href":"https:\/\/www.acusticauach.cl\/index.php?rest_route=%2Fwp%2Fv2%2Fcomments&post=10228"}],"version-history":[{"count":0,"href":"https:\/\/www.acusticauach.cl\/index.php?rest_route=\/wp\/v2\/posts\/10228\/revisions"}],"wp:featuredmedia":[{"embeddable":true,"href":"https:\/\/www.acusticauach.cl\/index.php?rest_route=\/wp\/v2\/media\/10229"}],"wp:attachment":[{"href":"https:\/\/www.acusticauach.cl\/index.php?rest_route=%2Fwp%2Fv2%2Fmedia&parent=10228"}],"wp:term":[{"taxonomy":"category","embeddable":true,"href":"https:\/\/www.acusticauach.cl\/index.php?rest_route=%2Fwp%2Fv2%2Fcategories&post=10228"},{"taxonomy":"post_tag","embeddable":true,"href":"https:\/\/www.acusticauach.cl\/index.php?rest_route=%2Fwp%2Fv2%2Ftags&post=10228"}],"curies":[{"name":"wp","href":"https:\/\/api.w.org\/{rel}","templated":true}]}}