{"id":10121,"date":"2018-05-31T00:08:43","date_gmt":"2018-05-31T04:08:43","guid":{"rendered":"http:\/\/www.acusticauach.cl\/?p=10121"},"modified":"2020-09-25T11:46:54","modified_gmt":"2020-09-25T14:46:54","slug":"en-mexico-acustica-uach-participa-en-segundo-encuentro-internacional-de-ruido-ambiental-y-paisaje-sonoro","status":"publish","type":"post","link":"https:\/\/www.acusticauach.cl\/?p=10121","title":{"rendered":"En M\u00e9xico: Ac\u00fastica UACh participa en Segundo Encuentro Internacional de Ruido Ambiental y Paisaje Sonoro"},"content":{"rendered":"<h2><strong>El encuentro que abord\u00f3 diversos temas relacionados con la ac\u00fastica urbana cont\u00f3 con la participaci\u00f3n de destacados especialistas de M\u00e9xico, Ecuador, Brasil, Espa\u00f1a y Chile.<\/strong><\/h2>\n<p><em>Escrito por Prensa FCI (<a href=\"mailto:prensafci@uach.cl\">prensafci@uach.cl<\/a>)<\/em><\/p>\n<p>En el Segundo Encuentro Internacional de Ruido Ambiental y Paisaje Sonoro, organizado por la Universidad Aut\u00f3noma Metropolitana (UAM) de M\u00e9xico particip\u00f3 como expositor el acad\u00e9mico del Instituto de Ac\u00fastica de la Facultad de Ciencias de la Ingenier\u00eda UACh, Dr. Enrique Su\u00e1rez.<\/p>\n<p>El encuentro\u00a0\u00a0reuni\u00f3 a especialistas para el intercambio de perspectivas y experiencias te\u00f3rico-pr\u00e1cticas del estudio del sonido en la ciudad\u00a0\u00a0y estuvo dirigido a estudiantes, acad\u00e9micos y profesionales. En el evento\u00a0\u00a0participaron exponentes de M\u00e9xico, Ecuador, Brasil, Espa\u00f1a y Chile, quienes abordaron diversos temas relacionados con la ac\u00fastica urbana, paisaje sonoro y ruido ambiental.<\/p>\n<p>La exposici\u00f3n a cargo del Dr. Su\u00e1rez se titul\u00f3\u00a0<strong>\u201cMapas Sonoros: Estudios de ruido urbano y ambientes sonoros en Chile<\/strong>\u201d oportunidad en que\u00a0\u00a0present\u00f3 los estudios iniciales de paisajes sonoros realizados en Santiago y Valdivia.\u00a0Estos estudios, en complemento con los mapas de ruido, ofrecen un \u201cMapa Sonoro\u201d, una visi\u00f3n complementaria sobre el estudio del ruido urbano en espacios p\u00fablicos, explica el Dr. Su\u00e1rez.\u00a0\u00abLa propuesta es que estos estudios y esta visi\u00f3n, permita\u00a0aportar al desaf\u00edo de dise\u00f1ar y conseguir un ambiente sonoro m\u00e1s saludable y confortable en nuestras ciudades.\u00bb dijo el acad\u00e9mico de Ac\u00fasticaUACh<\/p>\n<p>&nbsp;<\/p>\n<h2><strong>Paisaje Sonoro por realidad virtual<\/strong><\/h2>\n<p>En su presentaci\u00f3n,\u00a0el Dr. Su\u00e1rez expuso\u00a0\u00a0los\u00a0trabajos del Instituto de Ac\u00fastica en el \u00e1rea del ruido urbano y\u00a0paisaje\u00a0sonoro. Entre ellos, los Mapas de Ruido realizados para el Ministerio del Medio Ambiente, trabajos de Mapas Sonoros de Valdivia y Zona Centro del Gran Santiago, el cual que se encuentra en elaboraci\u00f3n;\u00a0\u00a0el proyecto \u00abSoundlapse\u00bb (<a href=\"http:\/\/www.soundlapse.net\/\">http:\/\/www.soundlapse.net\/<\/a>)\u00a0de los profesores del Instituto de Ac\u00fastica\u00a0Felipe Otondo y Rodrigo Torres, y el trabajo de realidad virtual\u00a0del tesista Crist\u00f3bal Brice\u00f1o.<\/p>\n<p>Este \u00faltimo trabajo se encuentra publicado con videos en\u00a0realidad\u00a0virtual\u00a0la web<a href=\"https:\/\/www.acusticauach.cl\/\">www.acusticauach.cl<\/a>-(<a href=\"https:\/\/www.acusticauach.cl\/?page_id=9795\">https:\/\/www.acusticauach.cl\/?page_id=9795<\/a>).<\/p>\n<p><a href=\"https:\/\/www.acusticauach.cl\/?page_id=9795\"><img decoding=\"async\" class=\"aligncenter size-full wp-image-10093\" src=\"https:\/\/www.acusticauach.cl\/wp-content\/uploads\/2018\/05\/Encabezado-Banner02.jpg\" alt=\"\" width=\"1000\" height=\"250\" srcset=\"https:\/\/www.acusticauach.cl\/wp-content\/uploads\/2018\/05\/Encabezado-Banner02.jpg 1000w, https:\/\/www.acusticauach.cl\/wp-content\/uploads\/2018\/05\/Encabezado-Banner02-300x75.jpg 300w, https:\/\/www.acusticauach.cl\/wp-content\/uploads\/2018\/05\/Encabezado-Banner02-768x192.jpg 768w, https:\/\/www.acusticauach.cl\/wp-content\/uploads\/2018\/05\/Encabezado-Banner02-700x175.jpg 700w, https:\/\/www.acusticauach.cl\/wp-content\/uploads\/2018\/05\/Encabezado-Banner02-500x125.jpg 500w\" sizes=\"(max-width: 1000px) 100vw, 1000px\" \/><\/a><\/p>\n<p>Video del\u00a0Segundo Encuentro Internacional de Ruido Ambiental y Paisaje Sonoro, organizado por la Universidad Aut\u00f3noma Metropolitana (UAM) de M\u00e9xico.<br \/>\n<iframe src=\"https:\/\/www.youtube.com\/embed\/A4HHavghkBI?rel=0&amp;start=3957\" width=\"560\" height=\"315\" frameborder=\"0\" allowfullscreen=\"allowfullscreen\"><\/iframe><\/p>\n","protected":false},"excerpt":{"rendered":"<p>El encuentro que abord\u00f3 diversos temas relacionados con la ac\u00fastica urbana cont\u00f3 con la participaci\u00f3n de destacados especialistas de M\u00e9xico, Ecuador, Brasil, Espa\u00f1a y Chile. Escrito por Prensa FCI (prensafci@uach.cl) En el Segundo Encuentro Internacional de Ruido Ambiental y Paisaje Sonoro, organizado por la Universidad Aut\u00f3noma Metropolitana (UAM) de M\u00e9xico particip\u00f3 como expositor el acad\u00e9mico [&hellip;]<\/p>\n","protected":false},"author":2,"featured_media":10123,"comment_status":"closed","ping_status":"closed","sticky":false,"template":"","format":"standard","meta":{"footnotes":""},"categories":[908,984],"tags":[21,38,982,17,368,46,309,32,20,73],"class_list":["post-10121","post","type-post","status-publish","format-standard","has-post-thumbnail","hentry","category-investigacion","category-labacam","tag-congreso","tag-encuentro","tag-labacam","tag-mapa-de-ruido","tag-mapa-sonoro","tag-mexico","tag-paisaje-sonoro","tag-ruido","tag-seminario","tag-suarez"],"_links":{"self":[{"href":"https:\/\/www.acusticauach.cl\/index.php?rest_route=\/wp\/v2\/posts\/10121","targetHints":{"allow":["GET"]}}],"collection":[{"href":"https:\/\/www.acusticauach.cl\/index.php?rest_route=\/wp\/v2\/posts"}],"about":[{"href":"https:\/\/www.acusticauach.cl\/index.php?rest_route=\/wp\/v2\/types\/post"}],"author":[{"embeddable":true,"href":"https:\/\/www.acusticauach.cl\/index.php?rest_route=\/wp\/v2\/users\/2"}],"replies":[{"embeddable":true,"href":"https:\/\/www.acusticauach.cl\/index.php?rest_route=%2Fwp%2Fv2%2Fcomments&post=10121"}],"version-history":[{"count":0,"href":"https:\/\/www.acusticauach.cl\/index.php?rest_route=\/wp\/v2\/posts\/10121\/revisions"}],"wp:featuredmedia":[{"embeddable":true,"href":"https:\/\/www.acusticauach.cl\/index.php?rest_route=\/wp\/v2\/media\/10123"}],"wp:attachment":[{"href":"https:\/\/www.acusticauach.cl\/index.php?rest_route=%2Fwp%2Fv2%2Fmedia&parent=10121"}],"wp:term":[{"taxonomy":"category","embeddable":true,"href":"https:\/\/www.acusticauach.cl\/index.php?rest_route=%2Fwp%2Fv2%2Fcategories&post=10121"},{"taxonomy":"post_tag","embeddable":true,"href":"https:\/\/www.acusticauach.cl\/index.php?rest_route=%2Fwp%2Fv2%2Ftags&post=10121"}],"curies":[{"name":"wp","href":"https:\/\/api.w.org\/{rel}","templated":true}]}}