{"id":10080,"date":"2018-05-16T17:12:56","date_gmt":"2018-05-16T21:12:56","guid":{"rendered":"http:\/\/www.acusticauach.cl\/?p=10080"},"modified":"2019-10-27T18:57:20","modified_gmt":"2019-10-27T21:57:20","slug":"acusticauach-se-integro-a-la-red-iberoamericana-de-investigadores-en-ingenieria-acustica","status":"publish","type":"post","link":"https:\/\/www.acusticauach.cl\/?p=10080","title":{"rendered":"Ac\u00fasticaUACh se integr\u00f3 a la Red Iberoamericana de Investigadores en Ingenier\u00eda Ac\u00fastica"},"content":{"rendered":"<h2><strong>La incorporaci\u00f3n a la Red permitir\u00e1 al Instituto de Ac\u00fastica visibilizar a nivel latinoameriano su labor acad\u00e9mica.<\/strong><\/h2>\n<p><em>Escrito por Prensa FCI (<a href=\"mailto:prensafci@uach.cl\">prensafci@uach.cl<\/a>)<\/em><\/p>\n<p>El Instituto de Ac\u00fastica de la Universidad Austral de Chile se integr\u00f3 a la recientemente conformada Red Iberoamericana de Investigadores en Ingenier\u00eda Ac\u00fastica (RIBIA), cuyo principal objetivo es crear un marco de cooperaci\u00f3n entre los diferentes organismos implicados y potenciar iniciativas de cooperaci\u00f3n cient\u00edfica en torno al tema \u201cIngenier\u00eda Ac\u00fastica\u201d.<\/p>\n<p>La Red la integran instituciones de educaci\u00f3n superior de Espa\u00f1a e Iberoam\u00e9rica y tiene su sede en la Universidad de C\u00e1diz, en la Escuela Superior de Ingenier\u00eda.\u00a0 A la fecha\u00a0 se han vinculado 25 grupos de investigaci\u00f3n, que agrupan a m\u00e1s 85 investigadores de 13 pa\u00edses iberoamericanos adscritos a centros e instituciones asociadas a la AUIP.<\/p>\n<blockquote><p>Para el Instituto de Ac\u00fastica de la UACh es muy importante participar de esta red iberoamericana, pues contribuye a nuestra visi\u00f3n de ser un referente de la ac\u00fastica en Latinoam\u00e9rica. Esto permitir\u00e1 visibilizar la labor acad\u00e9mica del Instituto, incrementando su internacionalizaci\u00f3n y red de contactos\u201d, as\u00ed lo manifest\u00f3 su Director, Dr. Jorge Arenas.<\/p><\/blockquote>\n<p>La Red \u00a0la integran centros y grupos de investigaci\u00f3n, universidades, asociaciones nacionales e internacionales de ac\u00fastica, empresas y organismos de tecnolog\u00eda e innovaci\u00f3n de Iberoam\u00e9rica, que contribuya a la formaci\u00f3n de profesores universitarios, cient\u00edficos y profesionales en los niveles de postgrado y doctorado en el campo de la Ingenier\u00eda Ac\u00fastica, fomentando el desarrollo de las dobles titulaciones en Ingenier\u00eda Ac\u00fastica.<\/p>\n<p>Para ello se propone desarrollar actividades de formaci\u00f3n y capacitaci\u00f3n, intercambio, movilidad e interacci\u00f3n cient\u00edfica, en el marco de una plataforma de Educaci\u00f3n Superior en Ingenier\u00eda Ac\u00fastica (M\u00e1ster y Doctorado), que faciliten la transferencia de conocimientos y tecnolog\u00edas entre los grupos participantes, en torno a temas relacionados con la Ingenier\u00eda Ac\u00fastica.<\/p>\n<p>Se pretende una adecuada implementaci\u00f3n de las estrategias de Gesti\u00f3n y Evaluaci\u00f3n de la contaminaci\u00f3n ac\u00fastica. Divulgar los hallazgos de la Red para lograr un efecto multiplicador en todos los miembros de la comunidad Iberoamericana y definir las herramientas de dise\u00f1o necesarias para los nuevos conceptos de ecolog\u00eda ac\u00fastica y de sostenibilidad sonora del Territorio, la Ciudad y la arquitectura, llegando al cat\u00e1logo de patrimonio sonoro en la regi\u00f3n de habla hisp\u00e1nica y portuguesa, as\u00ed como su posibilidad de definici\u00f3n como patrimonio inmaterial de la UNESCO. \u00a0Fomentar la movilidad de los estudiantes, del profesorado y el acceso a programas de M\u00e1ster y Doctorado conjuntos. Asimismo, promover la realizaci\u00f3n de programas conjuntos de postgrado en Ingenier\u00eda Ac\u00fastica y de investigaciones cient\u00edficas de forma cooperativa e interinstitucional.<\/p>\n<p>&nbsp;<\/p>\n","protected":false},"excerpt":{"rendered":"<p>La incorporaci\u00f3n a la Red permitir\u00e1 al Instituto de Ac\u00fastica visibilizar a nivel latinoameriano su labor acad\u00e9mica. Escrito por Prensa FCI (prensafci@uach.cl) El Instituto de Ac\u00fastica de la Universidad Austral de Chile se integr\u00f3 a la recientemente conformada Red Iberoamericana de Investigadores en Ingenier\u00eda Ac\u00fastica (RIBIA), cuyo principal objetivo es crear un marco de cooperaci\u00f3n [&hellip;]<\/p>\n","protected":false},"author":2,"featured_media":10085,"comment_status":"closed","ping_status":"closed","sticky":false,"template":"","format":"standard","meta":{"footnotes":""},"categories":[908],"tags":[48,763,275,707,78,762],"class_list":["post-10080","post","type-post","status-publish","format-standard","has-post-thumbnail","hentry","category-investigacion","tag-arenas","tag-cooperacion","tag-iberoamericano","tag-ingenieria-acustica","tag-investigacion-2","tag-red"],"_links":{"self":[{"href":"https:\/\/www.acusticauach.cl\/index.php?rest_route=\/wp\/v2\/posts\/10080","targetHints":{"allow":["GET"]}}],"collection":[{"href":"https:\/\/www.acusticauach.cl\/index.php?rest_route=\/wp\/v2\/posts"}],"about":[{"href":"https:\/\/www.acusticauach.cl\/index.php?rest_route=\/wp\/v2\/types\/post"}],"author":[{"embeddable":true,"href":"https:\/\/www.acusticauach.cl\/index.php?rest_route=\/wp\/v2\/users\/2"}],"replies":[{"embeddable":true,"href":"https:\/\/www.acusticauach.cl\/index.php?rest_route=%2Fwp%2Fv2%2Fcomments&post=10080"}],"version-history":[{"count":0,"href":"https:\/\/www.acusticauach.cl\/index.php?rest_route=\/wp\/v2\/posts\/10080\/revisions"}],"wp:featuredmedia":[{"embeddable":true,"href":"https:\/\/www.acusticauach.cl\/index.php?rest_route=\/wp\/v2\/media\/10085"}],"wp:attachment":[{"href":"https:\/\/www.acusticauach.cl\/index.php?rest_route=%2Fwp%2Fv2%2Fmedia&parent=10080"}],"wp:term":[{"taxonomy":"category","embeddable":true,"href":"https:\/\/www.acusticauach.cl\/index.php?rest_route=%2Fwp%2Fv2%2Fcategories&post=10080"},{"taxonomy":"post_tag","embeddable":true,"href":"https:\/\/www.acusticauach.cl\/index.php?rest_route=%2Fwp%2Fv2%2Ftags&post=10080"}],"curies":[{"name":"wp","href":"https:\/\/api.w.org\/{rel}","templated":true}]}}